{"id":1128,"date":"2017-09-04T15:30:04","date_gmt":"2017-09-04T14:30:04","guid":{"rendered":"https:\/\/julielimoges.wordpress.com\/?p=1128"},"modified":"2017-09-04T15:30:04","modified_gmt":"2017-09-04T14:30:04","slug":"actualite-chronique-de-la-magie-des-mots-sur-le-sdh2","status":"publish","type":"post","link":"https:\/\/julie-limoges.fr\/?p=1128","title":{"rendered":"Actualit\u00e9 : Chronique de la Magie des mots sur le SdH2 !"},"content":{"rendered":"<div>\n<div style=\"float:right;padding-left:20px;\"><img data-recalc-dims=\"1\" loading=\"lazy\" decoding=\"async\" src=\"\/\/julielimoges.files.wordpress.com\/2017\/02\/couverture_sdh2_ok.jpg?w=190&#038;resize=201%2C283\" alt=\"\" width=\"201\" height=\"283\" \/><\/div>\n<div style=\"overflow:hidden;text-align:justify;\">\n<p>Et la critique du Tome 2 par <a href=\"http:\/\/lamagiedesmots.be\/jusquau-ciel-julie-limoges\/\" target=\"_blank\">La magie des mots<\/a> \ud83d\ude42<br \/>\nUn tome 2 effectivement plus tourn\u00e9 vers l&#8217;action (reliquat de la construction originelle o\u00f9 les deux tomes n&#8217;en faisaient qu&#8217;un). Le tome 3 sera plus \u00e9quilibr\u00e9 sur ce point-l\u00e0, m\u00eame si l&#8217;on reste bien s\u00fbr dans de l&#8217;action\/aventure ! <\/p>\n<p>Bonne lecture !<\/p>\n<\/div>\n<\/div>\n","protected":false},"excerpt":{"rendered":"<p>Et la critique du Tome 2 par La magie des mots \ud83d\ude42 Un tome 2 effectivement plus tourn\u00e9 vers l&#8217;action [&hellip;]<\/p>\n","protected":false},"author":1,"featured_media":0,"comment_status":"open","ping_status":"open","sticky":false,"template":"","format":"standard","meta":{"site-sidebar-layout":"default","site-content-layout":"","ast-site-content-layout":"default","site-content-style":"default","site-sidebar-style":"default","ast-global-header-display":"","ast-banner-title-visibility":"","ast-main-header-display":"","ast-hfb-above-header-display":"","ast-hfb-below-header-display":"","ast-hfb-mobile-header-display":"","site-post-title":"","ast-breadcrumbs-content":"","ast-featured-img":"","footer-sml-layout":"","ast-disable-related-posts":"","theme-transparent-header-meta":"","adv-header-id-meta":"","stick-header-meta":"","header-above-stick-meta":"","header-main-stick-meta":"","header-below-stick-meta":"","astra-migrate-meta-layouts":"default","ast-page-background-enabled":"default","ast-page-background-meta":{"desktop":{"background-color":"var(--ast-global-color-4)","background-image":"","background-repeat":"repeat","background-position":"center center","background-size":"auto","background-attachment":"scroll","background-type":"","background-media":"","overlay-type":"","overlay-color":"","overlay-opacity":"","overlay-gradient":""},"tablet":{"background-color":"","background-image":"","background-repeat":"repeat","background-position":"center center","background-size":"auto","background-attachment":"scroll","background-type":"","background-media":"","overlay-type":"","overlay-color":"","overlay-opacity":"","overlay-gradient":""},"mobile":{"background-color":"","background-image":"","background-repeat":"repeat","background-position":"center center","background-size":"auto","background-attachment":"scroll","background-type":"","background-media":"","overlay-type":"","overlay-color":"","overlay-opacity":"","overlay-gradient":""}},"ast-content-background-meta":{"desktop":{"background-color":"var(--ast-global-color-5)","background-image":"","background-repeat":"repeat","background-position":"center center","background-size":"auto","background-attachment":"scroll","background-type":"","background-media":"","overlay-type":"","overlay-color":"","overlay-opacity":"","overlay-gradient":""},"tablet":{"background-color":"var(--ast-global-color-5)","background-image":"","background-repeat":"repeat","background-position":"center center","background-size":"auto","background-attachment":"scroll","background-type":"","background-media":"","overlay-type":"","overlay-color":"","overlay-opacity":"","overlay-gradient":""},"mobile":{"background-color":"var(--ast-global-color-5)","background-image":"","background-repeat":"repeat","background-position":"center center","background-size":"auto","background-attachment":"scroll","background-type":"","background-media":"","overlay-type":"","overlay-color":"","overlay-opacity":"","overlay-gradient":""}},"jetpack_post_was_ever_published":false,"_jetpack_newsletter_access":"","_jetpack_dont_email_post_to_subs":false,"_jetpack_newsletter_tier_id":0,"_jetpack_memberships_contains_paywalled_content":false,"_jetpack_memberships_contains_paid_content":false,"footnotes":"","jetpack_publicize_message":"","jetpack_publicize_feature_enabled":true,"jetpack_social_post_already_shared":false,"jetpack_social_options":{"image_generator_settings":{"template":"highway","default_image_id":0,"font":"","enabled":false},"version":2}},"categories":[4],"tags":[],"class_list":["post-1128","post","type-post","status-publish","format-standard","hentry","category-mon-actualite"],"jetpack_publicize_connections":[],"jetpack_featured_media_url":"","jetpack_sharing_enabled":true,"jetpack_shortlink":"https:\/\/wp.me\/p9nlNh-ic","jetpack-related-posts":[{"id":1035,"url":"https:\/\/julie-limoges.fr\/?p=1035","url_meta":{"origin":1128,"position":0},"title":"Actualit\u00e9 : Chronique de la Magie des mots sur le SdH1 !","author":"Kyvar","date":"27 July 2017","format":false,"excerpt":"Tr\u00e8s contente de d\u00e9couvrir aujourd'hui (avec du retard :'( ) la chronique de La Magie des Mots sur le Soleil des hommes (Tome1) ! Plus que l'avis positif, c'est de voir que les petits d\u00e9tails et l'attention port\u00e9e \u00e0 l'univers ont plu qui me donne des ailes ! Bon, elles\u2026","rel":"","context":"In &quot;Mon actualit\u00e9&quot;","block_context":{"text":"Mon actualit\u00e9","link":"https:\/\/julie-limoges.fr\/?cat=4"},"img":{"alt_text":"","src":"https:\/\/i0.wp.com\/julie-limoges.fr\/wp-content\/uploads\/2016\/09\/premiere_couv_sdh_facebook.jpg?resize=350%2C200","width":350,"height":200},"classes":[]},{"id":978,"url":"https:\/\/julie-limoges.fr\/?p=978","url_meta":{"origin":1128,"position":1},"title":"Actualit\u00e9 : Le Soleil des hommes tome 2 est sur les rails !","author":"Kyvar","date":"5 January 2017","format":false,"excerpt":"Et nous voil\u00e0 en 2017. Je ne suis pas trop en retard pour vous souhaiter une bonne ann\u00e9e et tout plein de bonnes choses ! Je ne suis pas trop en retard sur mon planning non plus. La maquette du SdH tome 2 avance vite. InDesign est un peu capricieux,\u2026","rel":"","context":"In &quot;Mon actualit\u00e9&quot;","block_context":{"text":"Mon actualit\u00e9","link":"https:\/\/julie-limoges.fr\/?cat=4"},"img":{"alt_text":"","src":"https:\/\/i0.wp.com\/julie-limoges.fr\/wp-content\/uploads\/2017\/01\/screenpourfacebouc.jpg?resize=350%2C200","width":350,"height":200},"classes":[]},{"id":1263,"url":"https:\/\/julie-limoges.fr\/?p=1263","url_meta":{"origin":1128,"position":2},"title":"Actualit\u00e9 : Chroniques de L\u2019Imaginaerum de Symphonie sur le SdH 1 &#038; 2 !","author":"Kyvar","date":"8 October 2018","format":false,"excerpt":"Avec toutes mes aventures \u00e0 l\u2019h\u00f4pital, puis aux Halliennales, je n'avais m\u00eame pas eu le temps de parler de deux news sur le SdH ! D'abord, deux chroniques tr\u00e8s justes et compl\u00e8tes de L'imaginaerum de Symphonie sur les tomes 1 et 2 que vous retrouverez sur le blog, ici pour\u2026","rel":"","context":"In &quot;Mon actualit\u00e9&quot;","block_context":{"text":"Mon actualit\u00e9","link":"https:\/\/julie-limoges.fr\/?cat=4"},"img":{"alt_text":"","src":"https:\/\/i0.wp.com\/julie-limoges.fr\/wp-content\/uploads\/2016\/09\/premiere_couv_sdh_facebook.jpg?resize=350%2C200","width":350,"height":200},"classes":[]},{"id":1248,"url":"https:\/\/julie-limoges.fr\/?p=1248","url_meta":{"origin":1128,"position":3},"title":"Actualit\u00e9 : Chronique de Les sortil\u00e8ges des mots sur le SdH1 !","author":"Kyvar","date":"17 September 2018","format":false,"excerpt":"Une autre chronique sur le SdH1, par le blog Les sortil\u00e8ges des mots ! Une vid\u00e9o tr\u00e8s int\u00e9ressante qui expose bien les tenants et les aboutissants du premier tome. ( https:\/\/lessortilegesdesmots.blogspot.com\/ pour lire d'autres chroniques et d\u00e9couvrir des auteurs !) Bonne lecture !","rel":"","context":"In &quot;Mon actualit\u00e9&quot;","block_context":{"text":"Mon actualit\u00e9","link":"https:\/\/julie-limoges.fr\/?cat=4"},"img":{"alt_text":"","src":"https:\/\/i0.wp.com\/julie-limoges.fr\/wp-content\/uploads\/2016\/09\/premiere_couv_sdh_facebook.jpg?resize=350%2C200","width":350,"height":200},"classes":[]},{"id":988,"url":"https:\/\/julie-limoges.fr\/?p=988","url_meta":{"origin":1128,"position":4},"title":"Actualit\u00e9 : Sortie de Jusqu&#8217;au ciel, Le Soleil des hommes tome 2","author":"Kyvar","date":"20 February 2017","format":false,"excerpt":"Et voil\u00e0, le tome 2 du Soleil des hommes, Jusqu'au ciel, est sorti en version papier (la version num\u00e9rique devra attendre un petit peu ^^). Il est disponible sur le site Hydralune. Plus qu'\u00e0 se remettre \u00e0 100% sur l'\u00e9criture du tome suivant :3","rel":"","context":"In &quot;Mon actualit\u00e9&quot;","block_context":{"text":"Mon actualit\u00e9","link":"https:\/\/julie-limoges.fr\/?cat=4"},"img":{"alt_text":"","src":"https:\/\/i0.wp.com\/julie-limoges.fr\/wp-content\/uploads\/2017\/02\/couverture_sdh2_ok.jpg?resize=350%2C200","width":350,"height":200},"classes":[]},{"id":1270,"url":"https:\/\/julie-limoges.fr\/?p=1270","url_meta":{"origin":1128,"position":5},"title":"Actualit\u00e9 : Chronique de Les sortil\u00e8ges des mots sur le SdH2 !","author":"Kyvar","date":"31 October 2018","format":false,"excerpt":"On parle du SdH2 sur le blog Les sortil\u00e8ges des mots. Encore une vid\u00e9o int\u00e9ressante en attendant la chronique \u00e9crite ! La chronique du premier tome est d'ailleurs sortie, vous la retrouverez ici ! Bonne lecture !","rel":"","context":"In &quot;Mon actualit\u00e9&quot;","block_context":{"text":"Mon actualit\u00e9","link":"https:\/\/julie-limoges.fr\/?cat=4"},"img":{"alt_text":"","src":"https:\/\/i0.wp.com\/julie-limoges.fr\/wp-content\/uploads\/2017\/02\/couverture_sdh2_ok.jpg?resize=350%2C200","width":350,"height":200},"classes":[]}],"_links":{"self":[{"href":"https:\/\/julie-limoges.fr\/index.php?rest_route=\/wp\/v2\/posts\/1128","targetHints":{"allow":["GET"]}}],"collection":[{"href":"https:\/\/julie-limoges.fr\/index.php?rest_route=\/wp\/v2\/posts"}],"about":[{"href":"https:\/\/julie-limoges.fr\/index.php?rest_route=\/wp\/v2\/types\/post"}],"author":[{"embeddable":true,"href":"https:\/\/julie-limoges.fr\/index.php?rest_route=\/wp\/v2\/users\/1"}],"replies":[{"embeddable":true,"href":"https:\/\/julie-limoges.fr\/index.php?rest_route=%2Fwp%2Fv2%2Fcomments&post=1128"}],"version-history":[{"count":0,"href":"https:\/\/julie-limoges.fr\/index.php?rest_route=\/wp\/v2\/posts\/1128\/revisions"}],"wp:attachment":[{"href":"https:\/\/julie-limoges.fr\/index.php?rest_route=%2Fwp%2Fv2%2Fmedia&parent=1128"}],"wp:term":[{"taxonomy":"category","embeddable":true,"href":"https:\/\/julie-limoges.fr\/index.php?rest_route=%2Fwp%2Fv2%2Fcategories&post=1128"},{"taxonomy":"post_tag","embeddable":true,"href":"https:\/\/julie-limoges.fr\/index.php?rest_route=%2Fwp%2Fv2%2Ftags&post=1128"}],"curies":[{"name":"wp","href":"https:\/\/api.w.org\/{rel}","templated":true}]}}