{"id":1440,"date":"2021-03-19T16:50:35","date_gmt":"2021-03-19T15:50:35","guid":{"rendered":"https:\/\/julie-limoges.fr\/?p=1440"},"modified":"2021-03-19T16:51:45","modified_gmt":"2021-03-19T15:51:45","slug":"actualite-sortie-du-t3-du-soleil-des-hommes","status":"publish","type":"post","link":"https:\/\/julie-limoges.fr\/?p=1440","title":{"rendered":"Actualit\u00e9 : Sortie du t3 du Soleil des hommes !"},"content":{"rendered":"<div>\n<div style=\"float: right; padding-left: 20px;\"><img data-recalc-dims=\"1\" decoding=\"async\" src=\"https:\/\/i0.wp.com\/julie-limoges.fr\/wp-content\/uploads\/2021\/03\/couv_SdH3.jpg?w=201&#038;ssl=1\" alt=\"\"   \/><\/div>\n<div style=\"overflow: hidden; text-align: justify;\">\n<p>Le COVID a parfois du bon, surtout pour travailler sur les choses qui importent ! Le tome 3 du Soleil des hommes est ainsi sorti en d\u00e9but d&#8217;ann\u00e9e &lt;3<\/p>\n<p>Vous pouvez le trouver sur le site <a href=\"https:\/\/hydralune.com\">Hydralune<\/a> bien s\u00fbr, mais aussi sur les sites de la Fnac ou d&#8217;Amazon.<\/p>\n<p>Le tome 4 est d&#8217;ores et d\u00e9j\u00e0 en route, tout comme la mise \u00e0 jour de ce site un peu poussi\u00e9reux !<\/p>\n<\/div>\n<div>Bonne lecture \u00e0 tous !<\/p>\n<\/div>\n<\/div>\n","protected":false},"excerpt":{"rendered":"<p>Le COVID a parfois du bon, surtout pour travailler sur les choses qui importent ! Le tome 3 du Soleil [&hellip;]<\/p>\n","protected":false},"author":1,"featured_media":0,"comment_status":"open","ping_status":"open","sticky":false,"template":"","format":"standard","meta":{"site-sidebar-layout":"default","site-content-layout":"","ast-site-content-layout":"default","site-content-style":"default","site-sidebar-style":"default","ast-global-header-display":"","ast-banner-title-visibility":"","ast-main-header-display":"","ast-hfb-above-header-display":"","ast-hfb-below-header-display":"","ast-hfb-mobile-header-display":"","site-post-title":"","ast-breadcrumbs-content":"","ast-featured-img":"","footer-sml-layout":"","ast-disable-related-posts":"","theme-transparent-header-meta":"","adv-header-id-meta":"","stick-header-meta":"","header-above-stick-meta":"","header-main-stick-meta":"","header-below-stick-meta":"","astra-migrate-meta-layouts":"default","ast-page-background-enabled":"default","ast-page-background-meta":{"desktop":{"background-color":"var(--ast-global-color-4)","background-image":"","background-repeat":"repeat","background-position":"center center","background-size":"auto","background-attachment":"scroll","background-type":"","background-media":"","overlay-type":"","overlay-color":"","overlay-opacity":"","overlay-gradient":""},"tablet":{"background-color":"","background-image":"","background-repeat":"repeat","background-position":"center center","background-size":"auto","background-attachment":"scroll","background-type":"","background-media":"","overlay-type":"","overlay-color":"","overlay-opacity":"","overlay-gradient":""},"mobile":{"background-color":"","background-image":"","background-repeat":"repeat","background-position":"center center","background-size":"auto","background-attachment":"scroll","background-type":"","background-media":"","overlay-type":"","overlay-color":"","overlay-opacity":"","overlay-gradient":""}},"ast-content-background-meta":{"desktop":{"background-color":"var(--ast-global-color-5)","background-image":"","background-repeat":"repeat","background-position":"center center","background-size":"auto","background-attachment":"scroll","background-type":"","background-media":"","overlay-type":"","overlay-color":"","overlay-opacity":"","overlay-gradient":""},"tablet":{"background-color":"var(--ast-global-color-5)","background-image":"","background-repeat":"repeat","background-position":"center center","background-size":"auto","background-attachment":"scroll","background-type":"","background-media":"","overlay-type":"","overlay-color":"","overlay-opacity":"","overlay-gradient":""},"mobile":{"background-color":"var(--ast-global-color-5)","background-image":"","background-repeat":"repeat","background-position":"center center","background-size":"auto","background-attachment":"scroll","background-type":"","background-media":"","overlay-type":"","overlay-color":"","overlay-opacity":"","overlay-gradient":""}},"jetpack_post_was_ever_published":false,"_jetpack_newsletter_access":"","_jetpack_dont_email_post_to_subs":false,"_jetpack_newsletter_tier_id":0,"_jetpack_memberships_contains_paywalled_content":false,"_jetpack_memberships_contains_paid_content":false,"footnotes":"","jetpack_publicize_message":"","jetpack_publicize_feature_enabled":true,"jetpack_social_post_already_shared":true,"jetpack_social_options":{"image_generator_settings":{"template":"highway","default_image_id":0,"font":"","enabled":false},"version":2}},"categories":[4],"tags":[],"class_list":["post-1440","post","type-post","status-publish","format-standard","hentry","category-mon-actualite"],"jetpack_publicize_connections":[],"jetpack_featured_media_url":"","jetpack_sharing_enabled":true,"jetpack_shortlink":"https:\/\/wp.me\/p9nlNh-ne","jetpack-related-posts":[{"id":988,"url":"https:\/\/julie-limoges.fr\/?p=988","url_meta":{"origin":1440,"position":0},"title":"Actualit\u00e9 : Sortie de Jusqu&#8217;au ciel, Le Soleil des hommes tome 2","author":"Kyvar","date":"20 February 2017","format":false,"excerpt":"Et voil\u00e0, le tome 2 du Soleil des hommes, Jusqu'au ciel, est sorti en version papier (la version num\u00e9rique devra attendre un petit peu ^^). Il est disponible sur le site Hydralune. Plus qu'\u00e0 se remettre \u00e0 100% sur l'\u00e9criture du tome suivant :3","rel":"","context":"In &quot;Mon actualit\u00e9&quot;","block_context":{"text":"Mon actualit\u00e9","link":"https:\/\/julie-limoges.fr\/?cat=4"},"img":{"alt_text":"","src":"https:\/\/i0.wp.com\/julie-limoges.fr\/wp-content\/uploads\/2017\/02\/couverture_sdh2_ok.jpg?resize=350%2C200","width":350,"height":200},"classes":[]},{"id":981,"url":"https:\/\/julie-limoges.fr\/?p=981","url_meta":{"origin":1440,"position":1},"title":"Actualit\u00e9 : Le Soleil des hommes tome 2, derni\u00e8res finitions !","author":"Kyvar","date":"1 February 2017","format":false,"excerpt":"\u00c7a avance, \u00e7a avance ! Il est bient\u00f4t pr\u00eat \u00e0\u00a0partir chez l\u2019imprimeur :3 Sinon, une sympathique critique du Tome 1 est disponible sur le site de Catherine Loiseau. J'esp\u00e8re qu'elle aimera autant le Tome 2 !","rel":"","context":"In &quot;Mon actualit\u00e9&quot;","block_context":{"text":"Mon actualit\u00e9","link":"https:\/\/julie-limoges.fr\/?cat=4"},"img":{"alt_text":"","src":"https:\/\/i0.wp.com\/julie-limoges.fr\/wp-content\/uploads\/2017\/02\/couverture_sdh_ok.jpg?resize=350%2C200","width":350,"height":200},"classes":[]},{"id":978,"url":"https:\/\/julie-limoges.fr\/?p=978","url_meta":{"origin":1440,"position":2},"title":"Actualit\u00e9 : Le Soleil des hommes tome 2 est sur les rails !","author":"Kyvar","date":"5 January 2017","format":false,"excerpt":"Et nous voil\u00e0 en 2017. Je ne suis pas trop en retard pour vous souhaiter une bonne ann\u00e9e et tout plein de bonnes choses ! Je ne suis pas trop en retard sur mon planning non plus. La maquette du SdH tome 2 avance vite. InDesign est un peu capricieux,\u2026","rel":"","context":"In &quot;Mon actualit\u00e9&quot;","block_context":{"text":"Mon actualit\u00e9","link":"https:\/\/julie-limoges.fr\/?cat=4"},"img":{"alt_text":"","src":"https:\/\/i0.wp.com\/julie-limoges.fr\/wp-content\/uploads\/2017\/01\/screenpourfacebouc.jpg?resize=350%2C200","width":350,"height":200},"classes":[]},{"id":1035,"url":"https:\/\/julie-limoges.fr\/?p=1035","url_meta":{"origin":1440,"position":3},"title":"Actualit\u00e9 : Chronique de la Magie des mots sur le SdH1 !","author":"Kyvar","date":"27 July 2017","format":false,"excerpt":"Tr\u00e8s contente de d\u00e9couvrir aujourd'hui (avec du retard :'( ) la chronique de La Magie des Mots sur le Soleil des hommes (Tome1) ! Plus que l'avis positif, c'est de voir que les petits d\u00e9tails et l'attention port\u00e9e \u00e0 l'univers ont plu qui me donne des ailes ! Bon, elles\u2026","rel":"","context":"In &quot;Mon actualit\u00e9&quot;","block_context":{"text":"Mon actualit\u00e9","link":"https:\/\/julie-limoges.fr\/?cat=4"},"img":{"alt_text":"","src":"https:\/\/i0.wp.com\/julie-limoges.fr\/wp-content\/uploads\/2016\/09\/premiere_couv_sdh_facebook.jpg?resize=350%2C200","width":350,"height":200},"classes":[]},{"id":1270,"url":"https:\/\/julie-limoges.fr\/?p=1270","url_meta":{"origin":1440,"position":4},"title":"Actualit\u00e9 : Chronique de Les sortil\u00e8ges des mots sur le SdH2 !","author":"Kyvar","date":"31 October 2018","format":false,"excerpt":"On parle du SdH2 sur le blog Les sortil\u00e8ges des mots. Encore une vid\u00e9o int\u00e9ressante en attendant la chronique \u00e9crite ! La chronique du premier tome est d'ailleurs sortie, vous la retrouverez ici ! Bonne lecture !","rel":"","context":"In &quot;Mon actualit\u00e9&quot;","block_context":{"text":"Mon actualit\u00e9","link":"https:\/\/julie-limoges.fr\/?cat=4"},"img":{"alt_text":"","src":"https:\/\/i0.wp.com\/julie-limoges.fr\/wp-content\/uploads\/2017\/02\/couverture_sdh2_ok.jpg?resize=350%2C200","width":350,"height":200},"classes":[]},{"id":901,"url":"https:\/\/julie-limoges.fr\/?p=901","url_meta":{"origin":1440,"position":5},"title":"Actualit\u00e9 : \u00c7a se pr\u00e9cise !","author":"Kyvar","date":"1 September 2016","format":false,"excerpt":"Les Aventuriales de M\u00e9n\u00e9trol approchent et, avec elles, le tome 1 du Soleil des hommes pointe le bout de son nez ! La couverture est finie et le tout est parti chez l\u2019imprimeur. J'attends avec impatience l'arriv\u00e9e du colis ^^","rel":"","context":"In &quot;Mon actualit\u00e9&quot;","block_context":{"text":"Mon actualit\u00e9","link":"https:\/\/julie-limoges.fr\/?cat=4"},"img":{"alt_text":"","src":"https:\/\/i0.wp.com\/julie-limoges.fr\/wp-content\/uploads\/2016\/09\/premiere_couv_sdh_facebook.jpg?resize=350%2C200","width":350,"height":200},"classes":[]}],"_links":{"self":[{"href":"https:\/\/julie-limoges.fr\/index.php?rest_route=\/wp\/v2\/posts\/1440","targetHints":{"allow":["GET"]}}],"collection":[{"href":"https:\/\/julie-limoges.fr\/index.php?rest_route=\/wp\/v2\/posts"}],"about":[{"href":"https:\/\/julie-limoges.fr\/index.php?rest_route=\/wp\/v2\/types\/post"}],"author":[{"embeddable":true,"href":"https:\/\/julie-limoges.fr\/index.php?rest_route=\/wp\/v2\/users\/1"}],"replies":[{"embeddable":true,"href":"https:\/\/julie-limoges.fr\/index.php?rest_route=%2Fwp%2Fv2%2Fcomments&post=1440"}],"version-history":[{"count":1,"href":"https:\/\/julie-limoges.fr\/index.php?rest_route=\/wp\/v2\/posts\/1440\/revisions"}],"predecessor-version":[{"id":1441,"href":"https:\/\/julie-limoges.fr\/index.php?rest_route=\/wp\/v2\/posts\/1440\/revisions\/1441"}],"wp:attachment":[{"href":"https:\/\/julie-limoges.fr\/index.php?rest_route=%2Fwp%2Fv2%2Fmedia&parent=1440"}],"wp:term":[{"taxonomy":"category","embeddable":true,"href":"https:\/\/julie-limoges.fr\/index.php?rest_route=%2Fwp%2Fv2%2Fcategories&post=1440"},{"taxonomy":"post_tag","embeddable":true,"href":"https:\/\/julie-limoges.fr\/index.php?rest_route=%2Fwp%2Fv2%2Ftags&post=1440"}],"curies":[{"name":"wp","href":"https:\/\/api.w.org\/{rel}","templated":true}]}}