{"id":314,"date":"2014-04-20T18:48:02","date_gmt":"2014-04-20T17:48:02","guid":{"rendered":"https:\/\/julielimoges.wordpress.com\/?p=314"},"modified":"2014-04-20T18:48:02","modified_gmt":"2014-04-20T17:48:02","slug":"reception-de-la-revue-etherval-n4-domini-domi","status":"publish","type":"post","link":"https:\/\/julie-limoges.fr\/?p=314","title":{"rendered":"R\u00e9ception de la revue Etherval N\u00b04 : Domini Domi"},"content":{"rendered":"<div style=\"text-align:justify;\">\n<p>Mon exemplaire de la revue <a class=\"lien\" href=\"http:\/\/www.etherval.com\/static\/\" target=\"_blank\">Etherval<\/a> N\u00b04 m&#8217;attendait dans ma bo\u00eete aux lettres, ce soir !<br \/>\nUn exemplaire d\u00e9dicac\u00e9 par l&#8217;\u00e9quipe et quelques-uns de mes coauteurs, merci \u00e0 eux !<\/p>\n<p>La couverture de ce num\u00e9ro est plus rigide et le dos plus large. La qualit\u00e9 du papier s&#8217;est elle aussi am\u00e9lior\u00e9e. Je trouvais mon exemplaire sur la mer d\u00e9j\u00e0 tr\u00e8s beau, mais cette nouvelle version me pla\u00eet plus !<\/p>\n<p>J&#8217;ai deux illustrateurs pour ma nouvelle <a class=\"lien\" href=\"https:\/\/julielimoges.wordpress.com\/mains-de-mort\/\" target=\"_blank\">\u00ab Mains de mort \u00bb<\/a>, <a class=\"lien\" href=\"http:\/\/www.etherval.com\/static\/index.php?id=artistes&amp;subId=Vay\" target=\"_blank\">Vay<\/a> et <a class=\"lien\" href=\"http:\/\/www.etherval.com\/static\/index.php?id=artistes&amp;subId=PGonzales\" target=\"_blank\">Pierre Gonzal\u00e8s<\/a>. Leur style est tr\u00e8s diff\u00e9rent. J&#8217;aime beaucoup les couleurs de la premi\u00e8re et le trait du deuxi\u00e8me. Le m\u00e9lange peut interloquer un peu, mais j&#8217;ai deux illustrateurs rien que pour moi, je ne vais pas me plaindre !<\/p>\n<p>Bon, je ne le sens pas trop pour ma nouvelle sur le th\u00e8me du \u00ab Monde derri\u00e8re le monde \u00bb. J&#8217;aurais d\u00fb la laisser reposer plus longtemps avant de l&#8217;envoyer. Je n&#8217;en suis pas tr\u00e8s contente\u2026 Il fallait cependant que je termine les corrections et l&#8217;envoi du \u00ab Soleil des hommes \u00bb.<\/p>\n<p>Je ferai mieux pour le th\u00e8me de la fuite !<br \/>\n&nbsp;\n<\/p><\/div>\n","protected":false},"excerpt":{"rendered":"<p>Mon exemplaire de la revue Etherval N\u00b04 m&#8217;attendait dans ma bo\u00eete aux lettres, ce soir ! Un exemplaire d\u00e9dicac\u00e9 par [&hellip;]<\/p>\n","protected":false},"author":1,"featured_media":0,"comment_status":"open","ping_status":"open","sticky":false,"template":"","format":"standard","meta":{"site-sidebar-layout":"default","site-content-layout":"","ast-site-content-layout":"default","site-content-style":"default","site-sidebar-style":"default","ast-global-header-display":"","ast-banner-title-visibility":"","ast-main-header-display":"","ast-hfb-above-header-display":"","ast-hfb-below-header-display":"","ast-hfb-mobile-header-display":"","site-post-title":"","ast-breadcrumbs-content":"","ast-featured-img":"","footer-sml-layout":"","ast-disable-related-posts":"","theme-transparent-header-meta":"","adv-header-id-meta":"","stick-header-meta":"","header-above-stick-meta":"","header-main-stick-meta":"","header-below-stick-meta":"","astra-migrate-meta-layouts":"default","ast-page-background-enabled":"default","ast-page-background-meta":{"desktop":{"background-color":"var(--ast-global-color-4)","background-image":"","background-repeat":"repeat","background-position":"center center","background-size":"auto","background-attachment":"scroll","background-type":"","background-media":"","overlay-type":"","overlay-color":"","overlay-opacity":"","overlay-gradient":""},"tablet":{"background-color":"","background-image":"","background-repeat":"repeat","background-position":"center center","background-size":"auto","background-attachment":"scroll","background-type":"","background-media":"","overlay-type":"","overlay-color":"","overlay-opacity":"","overlay-gradient":""},"mobile":{"background-color":"","background-image":"","background-repeat":"repeat","background-position":"center center","background-size":"auto","background-attachment":"scroll","background-type":"","background-media":"","overlay-type":"","overlay-color":"","overlay-opacity":"","overlay-gradient":""}},"ast-content-background-meta":{"desktop":{"background-color":"var(--ast-global-color-5)","background-image":"","background-repeat":"repeat","background-position":"center center","background-size":"auto","background-attachment":"scroll","background-type":"","background-media":"","overlay-type":"","overlay-color":"","overlay-opacity":"","overlay-gradient":""},"tablet":{"background-color":"var(--ast-global-color-5)","background-image":"","background-repeat":"repeat","background-position":"center center","background-size":"auto","background-attachment":"scroll","background-type":"","background-media":"","overlay-type":"","overlay-color":"","overlay-opacity":"","overlay-gradient":""},"mobile":{"background-color":"var(--ast-global-color-5)","background-image":"","background-repeat":"repeat","background-position":"center center","background-size":"auto","background-attachment":"scroll","background-type":"","background-media":"","overlay-type":"","overlay-color":"","overlay-opacity":"","overlay-gradient":""}},"jetpack_post_was_ever_published":false,"_jetpack_newsletter_access":"","_jetpack_dont_email_post_to_subs":false,"_jetpack_newsletter_tier_id":0,"_jetpack_memberships_contains_paywalled_content":false,"_jetpack_memberships_contains_paid_content":false,"footnotes":"","jetpack_publicize_message":"","jetpack_publicize_feature_enabled":true,"jetpack_social_post_already_shared":false,"jetpack_social_options":{"image_generator_settings":{"template":"highway","default_image_id":0,"font":"","enabled":false},"version":2}},"categories":[4],"tags":[],"class_list":["post-314","post","type-post","status-publish","format-standard","hentry","category-mon-actualite"],"jetpack_publicize_connections":[],"jetpack_featured_media_url":"","jetpack_sharing_enabled":true,"jetpack_shortlink":"https:\/\/wp.me\/p9nlNh-54","jetpack-related-posts":[{"id":304,"url":"https:\/\/julie-limoges.fr\/?p=304","url_meta":{"origin":314,"position":0},"title":"R\u00e9ception de la revue Etherval N\u00b03 : Mare Nostrum","author":"Kyvar","date":"28 September 2013","format":false,"excerpt":"J'ai re\u00e7u mon exemplaire de la revue Etherval N\u00b03 aujourd'hui. Le papier est de qualit\u00e9 et la couverture glac\u00e9e. La mise en page est elle aussi soign\u00e9e. J'adore les illustrations de ma nouvelle faites par Cost . Y'a pas \u00e0 dire, \u00e7a a de la gueule ! J'avoue que je\u2026","rel":"","context":"In &quot;Mon actualit\u00e9&quot;","block_context":{"text":"Mon actualit\u00e9","link":"https:\/\/julie-limoges.fr\/?cat=4"},"img":{"alt_text":"","src":"","width":0,"height":0},"classes":[]},{"id":1502,"url":"https:\/\/julie-limoges.fr\/?p=1502","url_meta":{"origin":314,"position":1},"title":"Actualit\u00e9 : Sortie de Etherval 20 et de l&#8217;Anthologie  Imaginaires d\u2019Asie!","author":"Kyvar","date":"9 January 2023","format":false,"excerpt":"Le th\u00e8me de ce num\u00e9ro anniversaire est donc la f\u00eate, et ma nouvelle, Memento Natalis, fait partie des s\u00e9lectionn\u00e9es ! Une pr\u00e9sentation de ce num\u00e9ro : Nous sommes tr\u00e8s fiers de vous accueillir dans ce num\u00e9ro 20 qui signe notre 21e parution et nos 10 ans d\u2019existence. Que d\u2019auteurs, d\u2019illustrateurs\u2026","rel":"","context":"In &quot;Mon actualit\u00e9&quot;","block_context":{"text":"Mon actualit\u00e9","link":"https:\/\/julie-limoges.fr\/?cat=4"},"img":{"alt_text":"","src":"https:\/\/i0.wp.com\/julie-limoges.fr\/wp-content\/uploads\/2023\/01\/Etherval-20-Couverture-Web-227x300.jpg?resize=350%2C200&ssl=1","width":350,"height":200},"classes":[]},{"id":575,"url":"https:\/\/julie-limoges.fr\/?p=575","url_meta":{"origin":314,"position":2},"title":"Critique du N\u00b06 de la revue Etherval sur Yozone","author":"Kyvar","date":"2 June 2015","format":false,"excerpt":"La critique du N\u00b06 de la revue Etherval est sortie sur Yozone ! Ma nouvelle, \u00ab Express pour Kavir \u00bb, est pass\u00e9e sous les yeux ac\u00e9r\u00e9s de Francois Schnebelen, et s'en est plut\u00f4t bien sortie ! \u00a0","rel":"","context":"In &quot;Mon actualit\u00e9&quot;","block_context":{"text":"Mon actualit\u00e9","link":"https:\/\/julie-limoges.fr\/?cat=4"},"img":{"alt_text":"","src":"","width":0,"height":0},"classes":[]},{"id":330,"url":"https:\/\/julie-limoges.fr\/?p=330","url_meta":{"origin":314,"position":3},"title":"Critique du N\u00b04 de la revue Etherval sur Yozone","author":"Kyvar","date":"27 May 2014","format":false,"excerpt":"Une critique du N\u00b04 de la revue Etherval est disponible sur Yozone. Ma nouvelle, \u00ab Mains de mort \u00bb, a plu ! \u00a0","rel":"","context":"In &quot;Mon actualit\u00e9&quot;","block_context":{"text":"Mon actualit\u00e9","link":"https:\/\/julie-limoges.fr\/?cat=4"},"img":{"alt_text":"","src":"","width":0,"height":0},"classes":[]},{"id":709,"url":"https:\/\/julie-limoges.fr\/?p=709","url_meta":{"origin":314,"position":4},"title":"Sortie de la revue Etherval N\u00b07 : Nix Vallis","author":"Kyvar","date":"16 December 2015","format":false,"excerpt":"Le num\u00e9ro 7 de la revue Etherval sur la glace est sorti. Ma nouvelle, \u00ab l'Ascension \u00bb, est bien entour\u00e9e, avec celles de Catherine Loiseau et d'Audrey Aragnou ! J'ai h\u00e2te de le recevoir en version papier !","rel":"","context":"In &quot;Mon actualit\u00e9&quot;","block_context":{"text":"Mon actualit\u00e9","link":"https:\/\/julie-limoges.fr\/?cat=4"},"img":{"alt_text":"","src":"https:\/\/i0.wp.com\/julie-limoges.fr\/wp-content\/uploads\/2015\/12\/nixvallis7.jpg?resize=350%2C200","width":350,"height":200},"classes":[]},{"id":1444,"url":"https:\/\/julie-limoges.fr\/?p=1444","url_meta":{"origin":314,"position":5},"title":"Actualit\u00e9 : Sortie de Etherval 18 !","author":"Kyvar","date":"20 April 2021","format":false,"excerpt":"Le voici, le voil\u00e0 ! Le num\u00e9ro 18 (d\u00e9j\u00e0!) de la revue Etherval sur le th\u00e8me de l'\u00e9nigme est sorti ce jour. Ma nouvelle, Le cas Percy Robert, fait partie de la\u00a0s\u00e9lection et je suis heureuse de partager l'affiche avec mes comp\u00e8res Andr\u00e9a Deslacs et Manu Breysse :) Une pr\u00e9sentation\u2026","rel":"","context":"In &quot;Mon actualit\u00e9&quot;","block_context":{"text":"Mon actualit\u00e9","link":"https:\/\/julie-limoges.fr\/?cat=4"},"img":{"alt_text":"","src":"https:\/\/i0.wp.com\/julie-limoges.fr\/wp-content\/uploads\/2021\/04\/Couverture_18_Enigma-Web.jpg?resize=350%2C200&ssl=1","width":350,"height":200},"classes":[]}],"_links":{"self":[{"href":"https:\/\/julie-limoges.fr\/index.php?rest_route=\/wp\/v2\/posts\/314","targetHints":{"allow":["GET"]}}],"collection":[{"href":"https:\/\/julie-limoges.fr\/index.php?rest_route=\/wp\/v2\/posts"}],"about":[{"href":"https:\/\/julie-limoges.fr\/index.php?rest_route=\/wp\/v2\/types\/post"}],"author":[{"embeddable":true,"href":"https:\/\/julie-limoges.fr\/index.php?rest_route=\/wp\/v2\/users\/1"}],"replies":[{"embeddable":true,"href":"https:\/\/julie-limoges.fr\/index.php?rest_route=%2Fwp%2Fv2%2Fcomments&post=314"}],"version-history":[{"count":0,"href":"https:\/\/julie-limoges.fr\/index.php?rest_route=\/wp\/v2\/posts\/314\/revisions"}],"wp:attachment":[{"href":"https:\/\/julie-limoges.fr\/index.php?rest_route=%2Fwp%2Fv2%2Fmedia&parent=314"}],"wp:term":[{"taxonomy":"category","embeddable":true,"href":"https:\/\/julie-limoges.fr\/index.php?rest_route=%2Fwp%2Fv2%2Fcategories&post=314"},{"taxonomy":"post_tag","embeddable":true,"href":"https:\/\/julie-limoges.fr\/index.php?rest_route=%2Fwp%2Fv2%2Ftags&post=314"}],"curies":[{"name":"wp","href":"https:\/\/api.w.org\/{rel}","templated":true}]}}