{"id":603,"date":"2015-07-15T13:39:15","date_gmt":"2015-07-15T12:39:15","guid":{"rendered":"https:\/\/julielimoges.wordpress.com\/?p=603"},"modified":"2015-07-15T13:39:15","modified_gmt":"2015-07-15T12:39:15","slug":"at-edition-luciferines-les-chats","status":"publish","type":"post","link":"https:\/\/julie-limoges.fr\/?p=603","title":{"rendered":"AT \u00c9dition Lucif\u00e9rines : Les Chats"},"content":{"rendered":"<div>\n<div style=\"float:right;padding-left:20px;\"><img data-recalc-dims=\"1\" decoding=\"async\" src=\"https:\/\/i0.wp.com\/julie-limoges.fr\/wp-content\/uploads\/2015\/07\/np-le-chat-noir.jpg?w=201\" alt=\"\"   \/><\/div>\n<div style=\"overflow:hidden;text-align:justify;\">\n<p>Les <a href=\"http:\/\/editionsluciferines.com\/\" target=\"_blank\">\u00c9ditions Lucif\u00e9rines<\/a> lancent leur nouvel AT avec cette fois-ci pour th\u00e8me \u00ab les chats \u00bb.<\/p>\n<p><em>Apr\u00e8s les Maisons Hant\u00e9es, le grand motif du fantastique que nous prendrons pour th\u00e8me de notre anthologie 2016 sera les chats ! Animal v\u00e9n\u00e9r\u00e9, ador\u00e9 ou craint, mais toujours charg\u00e9 de myst\u00e8re, le chat a gard\u00e9 de tout temps l\u2019image d\u2019une cr\u00e9ature de l\u2019entre-deux dans l\u2019esprit des hommes. Depuis le c\u00e9l\u00e8bre Chat Noir d\u2019Edgar Poe, le petit f\u00e9lin domestique est un familier des r\u00e9cits fantastiques, l\u00e9gendes urbaines et croyances \u00e9sor\u00e9tiques. Nous souhaitons le mettre \u00e0 l\u2019honneur au printemps prochain.<\/em><\/p>\n<p>Les textes devront faire 36 000 signes maximum et \u00eatre envoy\u00e9s avant le 15 septembre ! Pour plus de d\u00e9tails, c&#8217;est par <a href=\"http:\/\/editionsluciferines.com\/appel-textes\/collectif-2015-maisons-hantees\/\" target=\"_blank\">ici<\/a>.<\/p>\n<p>\u00c0 vos plumes, donc !<\/p>\n<p>&nbsp;<\/p>\n<\/div>\n<\/div>\n","protected":false},"excerpt":{"rendered":"<p>Les \u00c9ditions Lucif\u00e9rines lancent leur nouvel AT avec cette fois-ci pour th\u00e8me \u00ab les chats \u00bb. Apr\u00e8s les Maisons Hant\u00e9es, [&hellip;]<\/p>\n","protected":false},"author":1,"featured_media":0,"comment_status":"open","ping_status":"open","sticky":false,"template":"","format":"standard","meta":{"site-sidebar-layout":"default","site-content-layout":"","ast-site-content-layout":"default","site-content-style":"default","site-sidebar-style":"default","ast-global-header-display":"","ast-banner-title-visibility":"","ast-main-header-display":"","ast-hfb-above-header-display":"","ast-hfb-below-header-display":"","ast-hfb-mobile-header-display":"","site-post-title":"","ast-breadcrumbs-content":"","ast-featured-img":"","footer-sml-layout":"","ast-disable-related-posts":"","theme-transparent-header-meta":"","adv-header-id-meta":"","stick-header-meta":"","header-above-stick-meta":"","header-main-stick-meta":"","header-below-stick-meta":"","astra-migrate-meta-layouts":"default","ast-page-background-enabled":"default","ast-page-background-meta":{"desktop":{"background-color":"var(--ast-global-color-4)","background-image":"","background-repeat":"repeat","background-position":"center center","background-size":"auto","background-attachment":"scroll","background-type":"","background-media":"","overlay-type":"","overlay-color":"","overlay-opacity":"","overlay-gradient":""},"tablet":{"background-color":"","background-image":"","background-repeat":"repeat","background-position":"center center","background-size":"auto","background-attachment":"scroll","background-type":"","background-media":"","overlay-type":"","overlay-color":"","overlay-opacity":"","overlay-gradient":""},"mobile":{"background-color":"","background-image":"","background-repeat":"repeat","background-position":"center center","background-size":"auto","background-attachment":"scroll","background-type":"","background-media":"","overlay-type":"","overlay-color":"","overlay-opacity":"","overlay-gradient":""}},"ast-content-background-meta":{"desktop":{"background-color":"var(--ast-global-color-5)","background-image":"","background-repeat":"repeat","background-position":"center center","background-size":"auto","background-attachment":"scroll","background-type":"","background-media":"","overlay-type":"","overlay-color":"","overlay-opacity":"","overlay-gradient":""},"tablet":{"background-color":"var(--ast-global-color-5)","background-image":"","background-repeat":"repeat","background-position":"center center","background-size":"auto","background-attachment":"scroll","background-type":"","background-media":"","overlay-type":"","overlay-color":"","overlay-opacity":"","overlay-gradient":""},"mobile":{"background-color":"var(--ast-global-color-5)","background-image":"","background-repeat":"repeat","background-position":"center center","background-size":"auto","background-attachment":"scroll","background-type":"","background-media":"","overlay-type":"","overlay-color":"","overlay-opacity":"","overlay-gradient":""}},"jetpack_post_was_ever_published":false,"_jetpack_newsletter_access":"","_jetpack_dont_email_post_to_subs":false,"_jetpack_newsletter_tier_id":0,"_jetpack_memberships_contains_paywalled_content":false,"_jetpack_memberships_contains_paid_content":false,"footnotes":"","jetpack_publicize_message":"","jetpack_publicize_feature_enabled":true,"jetpack_social_post_already_shared":false,"jetpack_social_options":{"image_generator_settings":{"template":"highway","default_image_id":0,"font":"","enabled":false},"version":2}},"categories":[2],"tags":[],"class_list":["post-603","post","type-post","status-publish","format-standard","hentry","category-at"],"jetpack_publicize_connections":[],"jetpack_featured_media_url":"","jetpack_sharing_enabled":true,"jetpack_shortlink":"https:\/\/wp.me\/p9nlNh-9J","jetpack-related-posts":[{"id":505,"url":"https:\/\/julie-limoges.fr\/?p=505","url_meta":{"origin":603,"position":0},"title":"AT Revue Gandahar :  Intelligence v\u00e9g\u00e9tale","author":"Kyvar","date":"28 April 2015","format":false,"excerpt":"La revue Gandahar, d\u00e9di\u00e9e aux cultures de l\u2019Imaginaire, propose un appel \u00e0 textes sur le th\u00e8me \u00ab Intelligence v\u00e9g\u00e9tale \u00bb. Les plantes sont-elles intelligentes ? Quelle est leur capacit\u00e9 d\u2019adaptation ? Quelle est leur sensibilit\u00e9 ? Sont-elles capables d\u2019entraide ? Avant que les chercheurs se penchent sur cette question, de\u2026","rel":"","context":"In &quot;AT&quot;","block_context":{"text":"AT","link":"https:\/\/julie-limoges.fr\/?cat=2"},"img":{"alt_text":"","src":"","width":0,"height":0},"classes":[]},{"id":1502,"url":"https:\/\/julie-limoges.fr\/?p=1502","url_meta":{"origin":603,"position":1},"title":"Actualit\u00e9 : Sortie de Etherval 20 et de l&#8217;Anthologie  Imaginaires d\u2019Asie!","author":"Kyvar","date":"9 January 2023","format":false,"excerpt":"Le th\u00e8me de ce num\u00e9ro anniversaire est donc la f\u00eate, et ma nouvelle, Memento Natalis, fait partie des s\u00e9lectionn\u00e9es ! Une pr\u00e9sentation de ce num\u00e9ro : Nous sommes tr\u00e8s fiers de vous accueillir dans ce num\u00e9ro 20 qui signe notre 21e parution et nos 10 ans d\u2019existence. Que d\u2019auteurs, d\u2019illustrateurs\u2026","rel":"","context":"In &quot;Mon actualit\u00e9&quot;","block_context":{"text":"Mon actualit\u00e9","link":"https:\/\/julie-limoges.fr\/?cat=4"},"img":{"alt_text":"","src":"https:\/\/i0.wp.com\/julie-limoges.fr\/wp-content\/uploads\/2023\/01\/Etherval-20-Couverture-Web-227x300.jpg?resize=350%2C200&ssl=1","width":350,"height":200},"classes":[]},{"id":785,"url":"https:\/\/julie-limoges.fr\/?p=785","url_meta":{"origin":603,"position":2},"title":"AT Malpertuis VII :  Ath\u00e9matique","author":"Kyvar","date":"4 March 2016","format":false,"excerpt":"M\u00eame si cela n'est pas pr\u00e9cis\u00e9 sur leur site, l'AT Malpertuis VII a \u00e9t\u00e9 prolong\u00e9 jusqu'au 1er avril ! Pas de th\u00e8me impos\u00e9 pour peu que le texte rentre bien dans le genre fantastique. Vous trouverez les consignes sur leur site et l'info sur leur Facebook. Voil\u00e0 qui me laissera\u2026","rel":"","context":"In &quot;AT&quot;","block_context":{"text":"AT","link":"https:\/\/julie-limoges.fr\/?cat=2"},"img":{"alt_text":"","src":"","width":0,"height":0},"classes":[]},{"id":482,"url":"https:\/\/julie-limoges.fr\/?p=482","url_meta":{"origin":603,"position":3},"title":"AT Les \u00c9ditions des Artistes Fous :  La mort !","author":"Kyvar","date":"14 April 2015","format":false,"excerpt":"Les \u00c9ditions des Artistes Fous proposent un nouvel appel \u00e0 textes sur le th\u00e8me : la mort ! (avec un point d'exclamation ! ) Pour les d\u00e9tails, c'est ici. Nous avons jusqu'au 31 juillet 2015 pour envoyer nos textes (40.000 signes maximum) ! Donc \u00e0 vos plumes !","rel":"","context":"In &quot;AT&quot;","block_context":{"text":"AT","link":"https:\/\/julie-limoges.fr\/?cat=2"},"img":{"alt_text":"","src":"","width":0,"height":0},"classes":[]},{"id":582,"url":"https:\/\/julie-limoges.fr\/?p=582","url_meta":{"origin":603,"position":4},"title":"AT Ter Aelis :  Le Vaudou","author":"Kyvar","date":"9 June 2015","format":false,"excerpt":"Ter Aelis lance un premier appel \u00e0 textes pour son nouveau magazine T&tra. Le th\u00e8me : le Vaudou. Les myst\u00e8res de rituels vaudou fascinent. Poup\u00e9es, incantations, rituels, nombreux sont les formes de cette magie ancienne et ancestrale aux multiples racines. Explorez ces th\u00e8mes, partez \u00e0 la rencontre du Baron Samedi,\u2026","rel":"","context":"In &quot;AT&quot;","block_context":{"text":"AT","link":"https:\/\/julie-limoges.fr\/?cat=2"},"img":{"alt_text":"","src":"","width":0,"height":0},"classes":[]},{"id":864,"url":"https:\/\/julie-limoges.fr\/?p=864","url_meta":{"origin":603,"position":5},"title":"AT Etherval : Parasites, Symbiotes","author":"Kyvar","date":"21 June 2016","format":false,"excerpt":"Et voici l'AT de l'automne d'Etherval qui portera sur le th\u00e8me des Parasites et des Symbiotes. Les relations de parasitisme et de symbiotisme sont l\u00e9gion dans le r\u00e8gne animal et v\u00e9g\u00e9tal. Alors que les parasites tirent profit de leur h\u00f4te \u00e0 ses d\u00e9pens pour se nourrir, se reproduire ou se\u2026","rel":"","context":"In &quot;AT&quot;","block_context":{"text":"AT","link":"https:\/\/julie-limoges.fr\/?cat=2"},"img":{"alt_text":"","src":"","width":0,"height":0},"classes":[]}],"_links":{"self":[{"href":"https:\/\/julie-limoges.fr\/index.php?rest_route=\/wp\/v2\/posts\/603","targetHints":{"allow":["GET"]}}],"collection":[{"href":"https:\/\/julie-limoges.fr\/index.php?rest_route=\/wp\/v2\/posts"}],"about":[{"href":"https:\/\/julie-limoges.fr\/index.php?rest_route=\/wp\/v2\/types\/post"}],"author":[{"embeddable":true,"href":"https:\/\/julie-limoges.fr\/index.php?rest_route=\/wp\/v2\/users\/1"}],"replies":[{"embeddable":true,"href":"https:\/\/julie-limoges.fr\/index.php?rest_route=%2Fwp%2Fv2%2Fcomments&post=603"}],"version-history":[{"count":0,"href":"https:\/\/julie-limoges.fr\/index.php?rest_route=\/wp\/v2\/posts\/603\/revisions"}],"wp:attachment":[{"href":"https:\/\/julie-limoges.fr\/index.php?rest_route=%2Fwp%2Fv2%2Fmedia&parent=603"}],"wp:term":[{"taxonomy":"category","embeddable":true,"href":"https:\/\/julie-limoges.fr\/index.php?rest_route=%2Fwp%2Fv2%2Fcategories&post=603"},{"taxonomy":"post_tag","embeddable":true,"href":"https:\/\/julie-limoges.fr\/index.php?rest_route=%2Fwp%2Fv2%2Ftags&post=603"}],"curies":[{"name":"wp","href":"https:\/\/api.w.org\/{rel}","templated":true}]}}