{"id":656,"date":"2015-09-29T10:50:17","date_gmt":"2015-09-29T09:50:17","guid":{"rendered":"https:\/\/julielimoges.wordpress.com\/?p=656"},"modified":"2015-09-29T10:50:17","modified_gmt":"2015-09-29T09:50:17","slug":"evenement-aventuriales-de-menetrol-2015-3","status":"publish","type":"post","link":"https:\/\/julie-limoges.fr\/?p=656","title":{"rendered":"\u00c9v\u00e9nement : Aventuriales de M\u00e9n\u00e9trol 2015"},"content":{"rendered":"<div>\n<div style=\"float:right;padding-left:20px;\"><img data-recalc-dims=\"1\" decoding=\"async\" src=\"https:\/\/i0.wp.com\/julie-limoges.fr\/wp-content\/uploads\/2015\/09\/mc3a9nc3a9trol.jpg?w=201\" alt=\"\"   \/><\/div>\n<div style=\"overflow:hidden;text-align:justify;\">\n<p>Le salon Les Aventuriales de M\u00e9n\u00e9trol est maintenant fini.<br \/>\nQue dire, d\u00e9j\u00e0 que ce fut un excellent moment en compagnie d&#8217;<a href=\"https:\/\/www.facebook.com\/revue.etherval\" target=\"_blank\">Etherval<\/a> et donc d&#8217;<a href=\"https:\/\/www.facebook.com\/profile.php?id=100009725131728\" target=\"_blank\">Andr\u00e9a Deslacs<\/a>, de <a href=\"https:\/\/www.facebook.com\/Cha.peau.rouge.book\" target=\"_blank\">Cha&#8217;peau Rouge<\/a> et de Fog Ry\u00fb. Nous n&#8217;\u00e9tions pas en territoire inconnu, puisque <a href=\"https:\/\/www.facebook.com\/hina.corel\" target=\"_blank\">Hina Corel<\/a> se trouvait sur le stand en face ! Nous avons aussi pu faire la connaissance des membres de l&#8217; <a href=\"https:\/\/www.facebook.com\/profile.php?id=100007831247490\" target=\"_blank\">Asso Transition<\/a> avec qui nous avons beaucoup \u00e9chang\u00e9 et ri. Je dois dire que l&#8217;organisation de ce premier salon \u00e9tait au top et que la bonne humeur pendant ces deux jours m&#8217;a bien revigor\u00e9e.<\/p>\n<p>\u00c0 l&#8217;ann\u00e9e prochaine, M\u00e9n\u00e9trol !<br \/>\n(et j&#8217;ai eu mon affiche de Caza \\o\/ )<\/p>\n<p>&nbsp;<\/p>\n<\/div>\n<\/div>\n","protected":false},"excerpt":{"rendered":"<p>Le salon Les Aventuriales de M\u00e9n\u00e9trol est maintenant fini. Que dire, d\u00e9j\u00e0 que ce fut un excellent moment en compagnie [&hellip;]<\/p>\n","protected":false},"author":1,"featured_media":0,"comment_status":"open","ping_status":"open","sticky":false,"template":"","format":"standard","meta":{"site-sidebar-layout":"default","site-content-layout":"","ast-site-content-layout":"default","site-content-style":"default","site-sidebar-style":"default","ast-global-header-display":"","ast-banner-title-visibility":"","ast-main-header-display":"","ast-hfb-above-header-display":"","ast-hfb-below-header-display":"","ast-hfb-mobile-header-display":"","site-post-title":"","ast-breadcrumbs-content":"","ast-featured-img":"","footer-sml-layout":"","ast-disable-related-posts":"","theme-transparent-header-meta":"","adv-header-id-meta":"","stick-header-meta":"","header-above-stick-meta":"","header-main-stick-meta":"","header-below-stick-meta":"","astra-migrate-meta-layouts":"default","ast-page-background-enabled":"default","ast-page-background-meta":{"desktop":{"background-color":"var(--ast-global-color-4)","background-image":"","background-repeat":"repeat","background-position":"center center","background-size":"auto","background-attachment":"scroll","background-type":"","background-media":"","overlay-type":"","overlay-color":"","overlay-opacity":"","overlay-gradient":""},"tablet":{"background-color":"","background-image":"","background-repeat":"repeat","background-position":"center center","background-size":"auto","background-attachment":"scroll","background-type":"","background-media":"","overlay-type":"","overlay-color":"","overlay-opacity":"","overlay-gradient":""},"mobile":{"background-color":"","background-image":"","background-repeat":"repeat","background-position":"center center","background-size":"auto","background-attachment":"scroll","background-type":"","background-media":"","overlay-type":"","overlay-color":"","overlay-opacity":"","overlay-gradient":""}},"ast-content-background-meta":{"desktop":{"background-color":"var(--ast-global-color-5)","background-image":"","background-repeat":"repeat","background-position":"center center","background-size":"auto","background-attachment":"scroll","background-type":"","background-media":"","overlay-type":"","overlay-color":"","overlay-opacity":"","overlay-gradient":""},"tablet":{"background-color":"var(--ast-global-color-5)","background-image":"","background-repeat":"repeat","background-position":"center center","background-size":"auto","background-attachment":"scroll","background-type":"","background-media":"","overlay-type":"","overlay-color":"","overlay-opacity":"","overlay-gradient":""},"mobile":{"background-color":"var(--ast-global-color-5)","background-image":"","background-repeat":"repeat","background-position":"center center","background-size":"auto","background-attachment":"scroll","background-type":"","background-media":"","overlay-type":"","overlay-color":"","overlay-opacity":"","overlay-gradient":""}},"jetpack_post_was_ever_published":false,"_jetpack_newsletter_access":"","_jetpack_dont_email_post_to_subs":false,"_jetpack_newsletter_tier_id":0,"_jetpack_memberships_contains_paywalled_content":false,"_jetpack_memberships_contains_paid_content":false,"footnotes":"","jetpack_publicize_message":"","jetpack_publicize_feature_enabled":true,"jetpack_social_post_already_shared":false,"jetpack_social_options":{"image_generator_settings":{"template":"highway","default_image_id":0,"font":"","enabled":false},"version":2}},"categories":[3,4],"tags":[],"class_list":["post-656","post","type-post","status-publish","format-standard","hentry","category-evenement","category-mon-actualite"],"jetpack_publicize_connections":[],"jetpack_featured_media_url":"","jetpack_sharing_enabled":true,"jetpack_shortlink":"https:\/\/wp.me\/p9nlNh-aA","jetpack-related-posts":[{"id":1250,"url":"https:\/\/julie-limoges.fr\/?p=1250","url_meta":{"origin":656,"position":0},"title":"\u00c9v\u00e9nement : Les aventuriales de M\u00e9n\u00e9trole ce weekend !","author":"Kyvar","date":"24 September 2018","format":false,"excerpt":"Je serai en compagnie d'Etherval, d'Hydralune et d'Andr\u00e9a Deslacs au salon des Aventuriales de M\u00e9n\u00e9trol ce weekend ! N'h\u00e9sitez pas \u00e0 passer nous voir !","rel":"","context":"In &quot;\u00c9v\u00e9nement&quot;","block_context":{"text":"\u00c9v\u00e9nement","link":"https:\/\/julie-limoges.fr\/?cat=3"},"img":{"alt_text":"","src":"https:\/\/i0.wp.com\/julie-limoges.fr\/wp-content\/uploads\/2018\/09\/m%C3%A9n%C3%A9trol.jpg?resize=350%2C200","width":350,"height":200},"classes":[]},{"id":619,"url":"https:\/\/julie-limoges.fr\/?p=619","url_meta":{"origin":656,"position":1},"title":"\u00c9v\u00e9nement : Aventuriales de M\u00e9n\u00e9trol 2015","author":"Kyvar","date":"30 July 2015","format":false,"excerpt":"Une bien belle affiche pour les Aventuriales de M\u00e9n\u00e9trol qui se d\u00e9rouleront les 26 et 27 septembre 2015. J'y serai les deux jours, sur le stand de la revue Etherval ! Rendez-vous en Auvergne ! \u00a0","rel":"","context":"In &quot;\u00c9v\u00e9nement&quot;","block_context":{"text":"\u00c9v\u00e9nement","link":"https:\/\/julie-limoges.fr\/?cat=3"},"img":{"alt_text":"","src":"","width":0,"height":0},"classes":[]},{"id":911,"url":"https:\/\/julie-limoges.fr\/?p=911","url_meta":{"origin":656,"position":2},"title":"Actualit\u00e9 : Aventuriales de M\u00e9n\u00e9trol","author":"Kyvar","date":"16 September 2016","format":false,"excerpt":"Les Aventuriales de M\u00e9n\u00e9trol approchent ! Comme pr\u00e9vu, je serai sur le stand d'Etherval en compagnie d'Andr\u00e9a Deslacs, de Terpsikore Knobz et de Charlotte Cha'peau Rouge ! Si vous voulez faire d\u00e9dicacer vos revues, n'h\u00e9sitez pas :) De plus, Hydralune sera aussi gracieusement h\u00e9berg\u00e9 par Etherval. Mon roman, Nuit de\u2026","rel":"","context":"In &quot;Mon actualit\u00e9&quot;","block_context":{"text":"Mon actualit\u00e9","link":"https:\/\/julie-limoges.fr\/?cat=4"},"img":{"alt_text":"","src":"https:\/\/i0.wp.com\/julie-limoges.fr\/wp-content\/uploads\/2016\/09\/menetrol2.jpg?resize=350%2C200","width":350,"height":200},"classes":[]},{"id":1473,"url":"https:\/\/julie-limoges.fr\/?p=1473","url_meta":{"origin":656,"position":3},"title":"\u00c9v\u00e9nement : Les Aventuriales approchent !","author":"Kyvar","date":"1 August 2022","format":false,"excerpt":"Je serai aux Aventuriales de M\u00e9n\u00e9trol le 24 et 25 septembre 2022 ! Comme d'habitude sur le stand d'Etherval en compagnie d'Hydralune :)","rel":"","context":"In &quot;\u00c9v\u00e9nement&quot;","block_context":{"text":"\u00c9v\u00e9nement","link":"https:\/\/julie-limoges.fr\/?cat=3"},"img":{"alt_text":"","src":"https:\/\/i0.wp.com\/image.jimcdn.com\/app\/cms\/image\/transf\/dimension%3D441x10000%3Aformat%3Djpg\/path\/s0894e21b09450a42\/image\/ic84b2263f4484259\/version\/1649945083\/image.jpg?resize=350%2C200&ssl=1","width":350,"height":200},"classes":[]},{"id":651,"url":"https:\/\/julie-limoges.fr\/?p=651","url_meta":{"origin":656,"position":4},"title":"\u00c9v\u00e9nement : Aventuriales de M\u00e9n\u00e9trol 2015","author":"Kyvar","date":"16 September 2015","format":false,"excerpt":"La page Facebook et le site du salon se remplissent et mon tour de pr\u00e9sentation est arriv\u00e9. Je me serais bien \u00e9pargn\u00e9 la photo (T_T), mais celle-ci me rappelle que le salon est dans moins de deux semaines, maintenant ! J'ai h\u00e2te d'y \u00eatre et de retrouver mes acolytes sur\u2026","rel":"","context":"In &quot;\u00c9v\u00e9nement&quot;","block_context":{"text":"\u00c9v\u00e9nement","link":"https:\/\/julie-limoges.fr\/?cat=3"},"img":{"alt_text":"","src":"","width":0,"height":0},"classes":[]},{"id":914,"url":"https:\/\/julie-limoges.fr\/?p=914","url_meta":{"origin":656,"position":5},"title":"Actualit\u00e9 : Sortie en num\u00e9rique de Nuit de cendres","author":"Kyvar","date":"23 September 2016","format":false,"excerpt":"Et voil\u00e0 \\o\/ Comme pr\u00e9vu, la version num\u00e9rique de Nuit de cendres est sortie. Vous trouverez un pack MOBI\/EPUB\/PDF sur le site Hydralune. Et pour ceux d'entre vous qui pr\u00e9f\u00e8rent passer par Amazon, voici le lien ! Pour rappel, le roman papier sera en pr\u00e9vente sur le stand Etherval aux\u2026","rel":"","context":"In &quot;Mon actualit\u00e9&quot;","block_context":{"text":"Mon actualit\u00e9","link":"https:\/\/julie-limoges.fr\/?cat=4"},"img":{"alt_text":"","src":"https:\/\/i0.wp.com\/julie-limoges.fr\/wp-content\/uploads\/2016\/09\/premiere_couv_sdh_facebook.jpg?resize=350%2C200","width":350,"height":200},"classes":[]}],"_links":{"self":[{"href":"https:\/\/julie-limoges.fr\/index.php?rest_route=\/wp\/v2\/posts\/656","targetHints":{"allow":["GET"]}}],"collection":[{"href":"https:\/\/julie-limoges.fr\/index.php?rest_route=\/wp\/v2\/posts"}],"about":[{"href":"https:\/\/julie-limoges.fr\/index.php?rest_route=\/wp\/v2\/types\/post"}],"author":[{"embeddable":true,"href":"https:\/\/julie-limoges.fr\/index.php?rest_route=\/wp\/v2\/users\/1"}],"replies":[{"embeddable":true,"href":"https:\/\/julie-limoges.fr\/index.php?rest_route=%2Fwp%2Fv2%2Fcomments&post=656"}],"version-history":[{"count":0,"href":"https:\/\/julie-limoges.fr\/index.php?rest_route=\/wp\/v2\/posts\/656\/revisions"}],"wp:attachment":[{"href":"https:\/\/julie-limoges.fr\/index.php?rest_route=%2Fwp%2Fv2%2Fmedia&parent=656"}],"wp:term":[{"taxonomy":"category","embeddable":true,"href":"https:\/\/julie-limoges.fr\/index.php?rest_route=%2Fwp%2Fv2%2Fcategories&post=656"},{"taxonomy":"post_tag","embeddable":true,"href":"https:\/\/julie-limoges.fr\/index.php?rest_route=%2Fwp%2Fv2%2Ftags&post=656"}],"curies":[{"name":"wp","href":"https:\/\/api.w.org\/{rel}","templated":true}]}}