{"id":750,"date":"2016-01-15T17:09:23","date_gmt":"2016-01-15T16:09:23","guid":{"rendered":"https:\/\/julielimoges.wordpress.com\/?p=750"},"modified":"2016-01-15T17:09:23","modified_gmt":"2016-01-15T16:09:23","slug":"sortie-de-la-revue-etherval-n6-cave-canem-salvati-2","status":"publish","type":"post","link":"https:\/\/julie-limoges.fr\/?p=750","title":{"rendered":"Actualit\u00e9 : Morts Dents Lames II"},"content":{"rendered":"<div>\n<div style=\"float:right;padding-left:20px;\"><img data-recalc-dims=\"1\" loading=\"lazy\" decoding=\"async\" src=\"https:\/\/i0.wp.com\/julie-limoges.fr\/wp-content\/uploads\/2016\/01\/73451_576171332411434_1595885830_n.jpg?resize=201%2C283\" alt=\"\" width=\"201\" height=\"283\" \/><\/div>\n<div style=\"overflow:hidden;text-align:justify;\">\n<p>\u00c7a se pr\u00e9cise pour &#8220;Une lutte biologique&#8221; chez les \u00c9ditions La Madoli\u00e8re ! \ud83d\ude42<\/p>\n<p><em>Vous le voulez le sommaire de Morts Dents Lames II &#8211; Anthologie hommage \u00e0 la violence &#8211; Le retour !<br \/>\nEt dans l&#8217;ordre<br \/>\nSi certains auteurs ont un probl\u00e8me avec leur nom c&#8217;est qu&#8217;ils ont mal remplis un truc ou que j&#8217;ai pas fait attention, il n&#8217;est pas trop tard pour corriger.<\/p>\n<p>E una cos\u00ed bella notte \u2013 Erika Lionel<br \/>\nLes Petits monstres de Billy \u2013 C\u00e9cilia L\u00e9pine<br \/>\nLa Tentation du saint \u2013 David Mons<br \/>\nLe rugissement du concombre \u2013 Ludovic Klein<br \/>\nCoup pour coup \u2013 Thomas Spok<br \/>\nLa M\u00e9thode du Docteur A \u2013 St\u00e9phane Croenne<br \/>\nZombie Walk \u2013 Bruno Pochesci<br \/>\nIn nomine Patris, et Filli, et spiritu sancti \u2013 V\u00e9ronique Gault<br \/>\nLe Fantasme &#8211; Thomas Spok<br \/>\nUn Autre homme \u2013 David Misergue<br \/>\nFelis Supplice &#8211; Eug\u00e8ne Cancer<br \/>\n15 Minutes avant de mourir \u2013 Catherine Robert<br \/>\nIce Screams \u2013 S\u00e9bastien Parisot<br \/>\nLe Verre de l&#8217;amiti\u00e9 \u2013 Thomas Spok<br \/>\nViandre fra\u00eeche \u2013 Eug\u00e8ne Cancer<br \/>\nBeautiful people \u2013 Guillaume Lema\u00eetre<br \/>\nL&#8217;oeil du diable, la main de dieu \u2013 Emmanuel Delporte<br \/>\nUne Lutte biologique \u2013 Julie Limoges<br \/>\nQuitte ou double \u2013 G\u00e9raldine Blondel<br \/>\n\u00d4 Douce enfance \u2013 Barbara Cordier<br \/>\nChez Jeanne \u2013 P\u00e9n\u00e9lope Labruy\u00e8re<\/em><br \/>\n&nbsp;\n<\/div>\n<\/div>\n","protected":false},"excerpt":{"rendered":"<p>\u00c7a se pr\u00e9cise pour &#8220;Une lutte biologique&#8221; chez les \u00c9ditions La Madoli\u00e8re ! \ud83d\ude42 Vous le voulez le sommaire de [&hellip;]<\/p>\n","protected":false},"author":1,"featured_media":0,"comment_status":"open","ping_status":"open","sticky":false,"template":"","format":"standard","meta":{"site-sidebar-layout":"default","site-content-layout":"","ast-site-content-layout":"default","site-content-style":"default","site-sidebar-style":"default","ast-global-header-display":"","ast-banner-title-visibility":"","ast-main-header-display":"","ast-hfb-above-header-display":"","ast-hfb-below-header-display":"","ast-hfb-mobile-header-display":"","site-post-title":"","ast-breadcrumbs-content":"","ast-featured-img":"","footer-sml-layout":"","ast-disable-related-posts":"","theme-transparent-header-meta":"","adv-header-id-meta":"","stick-header-meta":"","header-above-stick-meta":"","header-main-stick-meta":"","header-below-stick-meta":"","astra-migrate-meta-layouts":"default","ast-page-background-enabled":"default","ast-page-background-meta":{"desktop":{"background-color":"var(--ast-global-color-4)","background-image":"","background-repeat":"repeat","background-position":"center center","background-size":"auto","background-attachment":"scroll","background-type":"","background-media":"","overlay-type":"","overlay-color":"","overlay-opacity":"","overlay-gradient":""},"tablet":{"background-color":"","background-image":"","background-repeat":"repeat","background-position":"center center","background-size":"auto","background-attachment":"scroll","background-type":"","background-media":"","overlay-type":"","overlay-color":"","overlay-opacity":"","overlay-gradient":""},"mobile":{"background-color":"","background-image":"","background-repeat":"repeat","background-position":"center center","background-size":"auto","background-attachment":"scroll","background-type":"","background-media":"","overlay-type":"","overlay-color":"","overlay-opacity":"","overlay-gradient":""}},"ast-content-background-meta":{"desktop":{"background-color":"var(--ast-global-color-5)","background-image":"","background-repeat":"repeat","background-position":"center center","background-size":"auto","background-attachment":"scroll","background-type":"","background-media":"","overlay-type":"","overlay-color":"","overlay-opacity":"","overlay-gradient":""},"tablet":{"background-color":"var(--ast-global-color-5)","background-image":"","background-repeat":"repeat","background-position":"center center","background-size":"auto","background-attachment":"scroll","background-type":"","background-media":"","overlay-type":"","overlay-color":"","overlay-opacity":"","overlay-gradient":""},"mobile":{"background-color":"var(--ast-global-color-5)","background-image":"","background-repeat":"repeat","background-position":"center center","background-size":"auto","background-attachment":"scroll","background-type":"","background-media":"","overlay-type":"","overlay-color":"","overlay-opacity":"","overlay-gradient":""}},"jetpack_post_was_ever_published":false,"_jetpack_newsletter_access":"","_jetpack_dont_email_post_to_subs":false,"_jetpack_newsletter_tier_id":0,"_jetpack_memberships_contains_paywalled_content":false,"_jetpack_memberships_contains_paid_content":false,"footnotes":"","jetpack_publicize_message":"","jetpack_publicize_feature_enabled":true,"jetpack_social_post_already_shared":false,"jetpack_social_options":{"image_generator_settings":{"template":"highway","default_image_id":0,"font":"","enabled":false},"version":2}},"categories":[4],"tags":[],"class_list":["post-750","post","type-post","status-publish","format-standard","hentry","category-mon-actualite"],"jetpack_publicize_connections":[],"jetpack_featured_media_url":"","jetpack_sharing_enabled":true,"jetpack_shortlink":"https:\/\/wp.me\/p9nlNh-c6","jetpack-related-posts":[{"id":776,"url":"https:\/\/julie-limoges.fr\/?p=776","url_meta":{"origin":750,"position":0},"title":"Actualit\u00e9 : Morts Dents Lames II","author":"Kyvar","date":"4 March 2016","format":false,"excerpt":"Morts Dents Lames II est sorti ! Vous pourrez trouver cette magnifique anthologie (Je fais de la pub? Nonnnnn :D) chez les revendeurs habituels, mais aussi, et surtout, sur le site de l'\u00e9diteur La Madoli\u00e8re. La pr\u00e9sentation du site : Apr\u00e8s un premier volume o\u00f9 de nombreux auteurs, tant vierges\u2026","rel":"","context":"In &quot;Mon actualit\u00e9&quot;","block_context":{"text":"Mon actualit\u00e9","link":"https:\/\/julie-limoges.fr\/?cat=4"},"img":{"alt_text":"","src":"https:\/\/i0.wp.com\/julie-limoges.fr\/wp-content\/uploads\/2016\/02\/12694839_1175123535849541_2724072638475268907_o.jpg?resize=350%2C200","width":350,"height":200},"classes":[]},{"id":800,"url":"https:\/\/julie-limoges.fr\/?p=800","url_meta":{"origin":750,"position":1},"title":"Actualit\u00e9 : Morts Dents Lames II","author":"Kyvar","date":"21 March 2016","format":false,"excerpt":"J'ai re\u00e7u mon exemplaire de Morts Dents Lames II, des \u00e9ditions La Madoli\u00e8re, et j'ai eu la surprise de d\u00e9couvrir tout plein de d\u00e9dicaces de mes acolytes \u00e0 l'int\u00e9rieur ! Merci \u00e0 eux, \u00e7a fait super plaisir \\o\/ (le chat n'aime pas lire, mais il semblait heureux... ) \u00a0","rel":"","context":"In &quot;Mon actualit\u00e9&quot;","block_context":{"text":"Mon actualit\u00e9","link":"https:\/\/julie-limoges.fr\/?cat=4"},"img":{"alt_text":"","src":"https:\/\/i0.wp.com\/julie-limoges.fr\/wp-content\/uploads\/2016\/03\/mdlii.jpg?resize=350%2C200","width":350,"height":200},"classes":[]},{"id":647,"url":"https:\/\/julie-limoges.fr\/?p=647","url_meta":{"origin":750,"position":2},"title":"R\u00e9sultats AT La madoli\u00e8re : Morts Dents Lames 2","author":"Kyvar","date":"31 August 2015","format":false,"excerpt":"Dure, dure, la rentr\u00e9e ! Cependant, en revenant de vacances, j'ai eu la bonne surprise de trouver un mail sympathique dans ma boite. Ma nouvelle, \"Une lutte biologique\", a \u00e9t\u00e9 prise pour Morts Dents Lames 2, l\u2019anthologie des \u00e9ditions La Madoli\u00e8re. De quoi reprendre le travail avec un peu plus\u2026","rel":"","context":"In &quot;Mon actualit\u00e9&quot;","block_context":{"text":"Mon actualit\u00e9","link":"https:\/\/julie-limoges.fr\/?cat=4"},"img":{"alt_text":"","src":"","width":0,"height":0},"classes":[]},{"id":769,"url":"https:\/\/julie-limoges.fr\/?p=769","url_meta":{"origin":750,"position":3},"title":"\u00c9v\u00e9nement : Salon Fantastique 2016","author":"Kyvar","date":"24 February 2016","format":false,"excerpt":"La date approche ! Je serai donc sur le stand d'Etherval au Salon Fantastique. L'anthologie Morts Dents Lames II, o\u00f9 vous trouverez ma nouvelle \"Une lutte biologique\", y pointera le bout de son nez. Attention \u00e0 ne pas vous faire mordre ;p Rendez-vous \u00e0 Paris ! \u00a0","rel":"","context":"In &quot;\u00c9v\u00e9nement&quot;","block_context":{"text":"\u00c9v\u00e9nement","link":"https:\/\/julie-limoges.fr\/?cat=3"},"img":{"alt_text":"","src":"","width":0,"height":0},"classes":[]},{"id":876,"url":"https:\/\/julie-limoges.fr\/?p=876","url_meta":{"origin":750,"position":4},"title":"Actualit\u00e9 : Car il faut aussi se remonter le moral !","author":"Kyvar","date":"1 July 2016","format":false,"excerpt":"Allez, un peu d'auto-motivation ! En mettant \u00e0 jour mon site, je suis tomb\u00e9e sur ces nouvelles critiques de mes nouvelles : Les personnages sont aussi moches (surtout la boule, le meilleur) qu\u2019int\u00e9ressants, et la mer aussi dangereuse que le p\u00e9trole. Une nouvelle appr\u00e9ciable, surtout gr\u00e2ce \u00e0 cette chute, celle\u2026","rel":"","context":"In &quot;Mon actualit\u00e9&quot;","block_context":{"text":"Mon actualit\u00e9","link":"https:\/\/julie-limoges.fr\/?cat=4"},"img":{"alt_text":"","src":"https:\/\/i0.wp.com\/julie-limoges.fr\/wp-content\/uploads\/2015\/03\/marenostrumcouverture.jpg?resize=350%2C200","width":350,"height":200},"classes":[]},{"id":379,"url":"https:\/\/julie-limoges.fr\/?p=379","url_meta":{"origin":750,"position":5},"title":"AT La Mandoli\u00e8re : Morts dents lames","author":"Kyvar","date":"15 January 2015","format":false,"excerpt":"L'AT Morts dents lames des \u00e9ditions La Mandoli\u00e8re se terminera le 1 avril ! \u00ab La violence peut prendre bien des visages. De la m\u00e8re maltraitante \u00e0 l'enfant cruel, de l'indiff\u00e9rence blas\u00e9e au tueurs de masse. Comme pour la premi\u00e8re anthologie du m\u00eame nom, nous cherchons des textes \u00e0 remuer\u2026","rel":"","context":"In &quot;AT&quot;","block_context":{"text":"AT","link":"https:\/\/julie-limoges.fr\/?cat=2"},"img":{"alt_text":"","src":"","width":0,"height":0},"classes":[]}],"_links":{"self":[{"href":"https:\/\/julie-limoges.fr\/index.php?rest_route=\/wp\/v2\/posts\/750","targetHints":{"allow":["GET"]}}],"collection":[{"href":"https:\/\/julie-limoges.fr\/index.php?rest_route=\/wp\/v2\/posts"}],"about":[{"href":"https:\/\/julie-limoges.fr\/index.php?rest_route=\/wp\/v2\/types\/post"}],"author":[{"embeddable":true,"href":"https:\/\/julie-limoges.fr\/index.php?rest_route=\/wp\/v2\/users\/1"}],"replies":[{"embeddable":true,"href":"https:\/\/julie-limoges.fr\/index.php?rest_route=%2Fwp%2Fv2%2Fcomments&post=750"}],"version-history":[{"count":0,"href":"https:\/\/julie-limoges.fr\/index.php?rest_route=\/wp\/v2\/posts\/750\/revisions"}],"wp:attachment":[{"href":"https:\/\/julie-limoges.fr\/index.php?rest_route=%2Fwp%2Fv2%2Fmedia&parent=750"}],"wp:term":[{"taxonomy":"category","embeddable":true,"href":"https:\/\/julie-limoges.fr\/index.php?rest_route=%2Fwp%2Fv2%2Fcategories&post=750"},{"taxonomy":"post_tag","embeddable":true,"href":"https:\/\/julie-limoges.fr\/index.php?rest_route=%2Fwp%2Fv2%2Ftags&post=750"}],"curies":[{"name":"wp","href":"https:\/\/api.w.org\/{rel}","templated":true}]}}